{"id":649,"date":"2023-01-03T08:34:00","date_gmt":"2023-01-03T07:34:00","guid":{"rendered":"https:\/\/karriero.hu\/?p=649"},"modified":"2023-02-27T08:35:58","modified_gmt":"2023-02-27T07:35:58","slug":"lezarult-a-verba-docent-projekt","status":"publish","type":"post","link":"https:\/\/karriero.hu\/ro\/lezarult-a-verba-docent-projekt\/","title":{"rendered":"Proiectul Verba Docent s-a \u00eencheiat"},"content":{"rendered":"<p>La 31 decembrie 2022, a fost finalizat\u0103 oficial etapa de implementare a proiectului ROHU-380 \u201eEduca\u021bia adul\u021bilor \u00een domeniul stilului de via\u021b\u0103 s\u0103n\u0103tos \u0219i mediu durabil\u201d \u2013 VERBA DOCENT.<\/p>\n\n\n\n<p>\u00cen numele conducerii Funda\u021biei pentru Dezvoltare Rural\u0103 \u0219i Management Ecologic K\u00f6r\u00f6s-Maros, dorim s\u0103 mul\u021bumim tuturor celor care au contribuit \u00een orice mod la implementarea cu succes a proiectului.<\/p>\n\n\n\n<p>\u00cen primul r\u00e2nd, dorim s\u0103 exprim\u0103m mul\u021bumirile noastre personalului Organiza\u021biei de Sprijin \u0219i Cooperare.<\/p>\n\n\n\n<p>Dorim s\u0103 mul\u021bumim solicitan\u021bilor pentru toate programele de formare, turneele de studiu \u0219i t\u00e2rguri de locuri de munc\u0103 pentru participare, precum \u0219i pentru ajutorul instructorilor \u0219i organizatorilor programelor.<\/p>\n\n\n\n<p>V\u0103 mul\u021bumim pentru munca de \u00eenalt\u0103 calitate a centrului educa\u021bional \u0219i a cl\u0103dirii de apartamente sociale, a designerilor, antreprenorilor \u0219i furnizorilor de echipamente.<\/p>\n\n\n\n<p>Ne exprim\u0103m recuno\u0219tin\u021ba membrilor echipei de management al proiectului \u0219i \u00een special tuturor angaja\u021bilor Asocia\u021biei Excelsior pentru munca preg\u0103titoare \u0219i organizatoric\u0103, f\u0103r\u0103 de care acest proiect nu ar fi fost posibil. &nbsp;<\/p>\n\n\n\n<p>Dr. Ferencn\u00e9 R\u00e1ki, curator<\/p>\n\n\n\n<p>Zsolt R\u00e1ki este managerul de proiect<\/p>","protected":false},"excerpt":{"rendered":"<p>La 31 decembrie 2022, a fost finalizat\u0103 oficial etapa de implementare a proiectului ROHU-380 \u201eEduca\u021bia adul\u021bilor \u00een domeniul stilului de via\u021b\u0103 s\u0103n\u0103tos \u0219i mediu durabil\u201d \u2013 VERBA DOCENT...<\/p>","protected":false},"author":1,"featured_media":0,"comment_status":"closed","ping_status":"closed","sticky":false,"template":"","format":"standard","meta":{"ngg_post_thumbnail":0,"footnotes":""},"categories":[361],"tags":[],"class_list":["post-649","post","type-post","status-publish","format-standard","hentry","category-hirek"],"a3_pvc":{"activated":false,"total_views":26,"today_views":0},"_links":{"self":[{"href":"https:\/\/karriero.hu\/ro\/wp-json\/wp\/v2\/posts\/649","targetHints":{"allow":["GET"]}}],"collection":[{"href":"https:\/\/karriero.hu\/ro\/wp-json\/wp\/v2\/posts"}],"about":[{"href":"https:\/\/karriero.hu\/ro\/wp-json\/wp\/v2\/types\/post"}],"author":[{"embeddable":true,"href":"https:\/\/karriero.hu\/ro\/wp-json\/wp\/v2\/users\/1"}],"replies":[{"embeddable":true,"href":"https:\/\/karriero.hu\/ro\/wp-json\/wp\/v2\/comments?post=649"}],"version-history":[{"count":1,"href":"https:\/\/karriero.hu\/ro\/wp-json\/wp\/v2\/posts\/649\/revisions"}],"predecessor-version":[{"id":650,"href":"https:\/\/karriero.hu\/ro\/wp-json\/wp\/v2\/posts\/649\/revisions\/650"}],"wp:attachment":[{"href":"https:\/\/karriero.hu\/ro\/wp-json\/wp\/v2\/media?parent=649"}],"wp:term":[{"taxonomy":"category","embeddable":true,"href":"https:\/\/karriero.hu\/ro\/wp-json\/wp\/v2\/categories?post=649"},{"taxonomy":"post_tag","embeddable":true,"href":"https:\/\/karriero.hu\/ro\/wp-json\/wp\/v2\/tags?post=649"}],"curies":[{"name":"wp","href":"https:\/\/api.w.org\/{rel}","templated":true}]}}