{"id":651,"date":"2022-12-22T04:53:00","date_gmt":"2022-12-22T03:53:00","guid":{"rendered":"https:\/\/karriero.hu\/?p=651"},"modified":"2023-02-27T08:37:48","modified_gmt":"2023-02-27T07:37:48","slug":"sajtokozlemeny","status":"publish","type":"post","link":"https:\/\/karriero.hu\/ro\/sajtokozlemeny\/","title":{"rendered":"Sajt\u00f3k\u00f6zlem\u00e9ny"},"content":{"rendered":"<figure class=\"wp-block-image size-full\"><img loading=\"lazy\" decoding=\"async\" width=\"617\" height=\"132\" src=\"https:\/\/karriero.hu\/wp-content\/uploads\/2023\/02\/image.png\" alt=\"\" class=\"wp-image-652\" srcset=\"https:\/\/karriero.hu\/wp-content\/uploads\/2023\/02\/image.png 617w, https:\/\/karriero.hu\/wp-content\/uploads\/2023\/02\/image-300x64.png 300w, https:\/\/karriero.hu\/wp-content\/uploads\/2023\/02\/image-18x4.png 18w\" sizes=\"auto, (max-width: 617px) 100vw, 617px\" \/><\/figure>\n\n\n\n<p><strong>SAJT\u00d3K\u00d6ZLEM\u00c9NY<\/strong><\/p>\n\n\n\n<p><strong>ROHU-380 sz\u00e1m\u00fa&nbsp;<em>\u201eFeln\u0151ttk\u00e9pz\u00e9s az eg\u00e9szs\u00e9ges \u00e9letm\u00f3d \u00e9s a fenntarthat\u00f3 k\u00f6rnyezet ter\u00fclet\u00e9n\u201d \u2013 VERBA DOCENT&nbsp;<\/em>c\u00edm\u0171 projekt z\u00e1r\u00f3konferenci\u00e1j\u00e1r\u00f3l<\/strong><\/p>\n\n\n\n<p>Az Interreg V-A Rom\u00e1nia-Magyarorsz\u00e1g Program 2014-2020 k\u00f6z\u00f6tti id\u0151szakban t\u00e1mogatja a hat\u00e1rmenti rom\u00e1n \u00e9s magyar r\u00e9gi\u00f3k civil szervezetei \u00e9s int\u00e9zm\u00e9nyei k\u00f6zti egy\u00fcttm\u0171k\u00f6d\u00e9seket. A Program Verba Docent projektj\u00e9nek f\u0151 kedvezm\u00e9nyezettje az aradi sz\u00e9khely\u0171 Excelsior Egyes\u00fclet, magyarorsz\u00e1gi konzorciumi partnere a gyulai K\u00f6r\u00f6s-Maros Alap\u00edtv\u00e1ny 2022. december 19-\u00e9n tartotta a projekt z\u00e1r\u00f3konferenci\u00e1j\u00e1t az \u00fajonnan l\u00e9trehozott Gyulav\u00e1ri Oktat\u00e1si Centrumban, amelyen bemutatt\u00e1k eredm\u00e9nyeiket. A 2019. m\u00e1rcius 1. \u00e9s 2022. december 31. k\u00f6z\u00f6tt megval\u00f3sul\u00f3 projekt c\u00e9lja a foglalkoztat\u00e1s jav\u00edt\u00e1sa \u00e9s a hat\u00e1ron \u00e1tny\u00fal\u00f3 munkaer\u0151-mobilit\u00e1s el\u0151seg\u00edt\u00e9se els\u0151sorban Arad \u00e9s B\u00e9k\u00e9s megy\u00e9ben. A projekt k\u00f6lts\u00e9gvet\u00e9s\u00e9nek teljes \u00f6sszege 2.987.502 eur\u00f3, melyet az Eur\u00f3pai Region\u00e1lis Fejleszt\u00e9si Alap 2.539.377 eur\u00f3 \u00f6sszeggel, valamint Magyarorsz\u00e1g \u00e9s Rom\u00e1nia 353.205 eur\u00f3 \u00f6sszeg\u0171 nemzeti t\u00e1rsfinansz\u00edroz\u00e1s\u00e1val t\u00e1mogat. C\u00e9ljaik el\u00e9r\u00e9se \u00e9rdek\u00e9ben 14 k\u00fcl\u00f6nb\u00f6z\u0151 k\u00e9pz\u00e9st, tanfolyamot szerveztek h\u00e1rom k\u00e9pz\u0151int\u00e9zm\u00e9ny k\u00f6zrem\u0171k\u00f6d\u00e9s\u00e9vel. N\u00e9gy helysz\u00ednen \u00e1ll\u00e1sb\u00f6rz\u00e9t szerveztek t\u00f6bb mint 200 magyar \u00e9s rom\u00e1n munkav\u00e1llal\u00f3, illetve 25 munk\u00e1ltat\u00f3 r\u00e9szv\u00e9tel\u00e9vel. Egy region\u00e1lis brand A helyi termel\u0151k \u00f6sszefog\u00e1sa \u00e9s a Szakmai k els\u0151sorban h\u00e1tr\u00e1nyos helyzet\u0171 munkakeres\u0151k r\u00e9sz\u00e9re:<\/p>\n\n\n\n<p>A projektr\u0151l b\u0151vebb inform\u00e1ci\u00f3 el\u00e9rhet\u0151 a k\u00f6vetkez\u0151 el\u00e9rhet\u0151s\u00e9geken:<\/p>\n\n\n\n<p><a href=\"http:\/\/www.facebook.hu\/verbarohu\" target=\"_blank\" rel=\"noreferrer noopener\">www.facebook.hu\/verbarohu<\/a><\/p>\n\n\n\n<p><a href=\"http:\/\/www.verbadocent.hupont.hu\/\" target=\"_blank\" rel=\"noreferrer noopener\">http:\/\/www.verbadocent.hupont.hu\/<\/a><\/p>\n\n\n\n<p>Jelen anyag tartalma nem felt\u00e9tlen\u00fcl t\u00fckr\u00f6zi az Eur\u00f3pai Uni\u00f3 hivatalos \u00e1ll\u00e1spontj\u00e1t.<\/p>","protected":false},"excerpt":{"rendered":"<p>SAJT\u00d3K\u00d6ZLEM\u00c9NY ROHU-380 sz\u00e1m\u00fa&nbsp;\u201eFeln\u0151ttk\u00e9pz\u00e9s az eg\u00e9szs\u00e9ges \u00e9letm\u00f3d \u00e9s a fenntarthat\u00f3 k\u00f6rnyezet ter\u00fclet\u00e9n\u201d \u2013 VERBA DOCENT&nbsp;c\u00edm\u0171 projekt z\u00e1r\u00f3konferenci\u00e1j\u00e1r\u00f3l Az Interreg V-A Rom\u00e1nia-Magyarorsz\u00e1g Program 2014-2020 k\u00f6z\u00f6tti id\u0151szakban t\u00e1mogatja&hellip;<\/p>","protected":false},"author":1,"featured_media":0,"comment_status":"closed","ping_status":"closed","sticky":false,"template":"","format":"standard","meta":{"ngg_post_thumbnail":0,"footnotes":""},"categories":[361],"tags":[],"class_list":["post-651","post","type-post","status-publish","format-standard","hentry","category-hirek"],"a3_pvc":{"activated":false,"total_views":18,"today_views":0},"_links":{"self":[{"href":"https:\/\/karriero.hu\/ro\/wp-json\/wp\/v2\/posts\/651","targetHints":{"allow":["GET"]}}],"collection":[{"href":"https:\/\/karriero.hu\/ro\/wp-json\/wp\/v2\/posts"}],"about":[{"href":"https:\/\/karriero.hu\/ro\/wp-json\/wp\/v2\/types\/post"}],"author":[{"embeddable":true,"href":"https:\/\/karriero.hu\/ro\/wp-json\/wp\/v2\/users\/1"}],"replies":[{"embeddable":true,"href":"https:\/\/karriero.hu\/ro\/wp-json\/wp\/v2\/comments?post=651"}],"version-history":[{"count":1,"href":"https:\/\/karriero.hu\/ro\/wp-json\/wp\/v2\/posts\/651\/revisions"}],"predecessor-version":[{"id":653,"href":"https:\/\/karriero.hu\/ro\/wp-json\/wp\/v2\/posts\/651\/revisions\/653"}],"wp:attachment":[{"href":"https:\/\/karriero.hu\/ro\/wp-json\/wp\/v2\/media?parent=651"}],"wp:term":[{"taxonomy":"category","embeddable":true,"href":"https:\/\/karriero.hu\/ro\/wp-json\/wp\/v2\/categories?post=651"},{"taxonomy":"post_tag","embeddable":true,"href":"https:\/\/karriero.hu\/ro\/wp-json\/wp\/v2\/tags?post=651"}],"curies":[{"name":"wp","href":"https:\/\/api.w.org\/{rel}","templated":true}]}}