{"id":669,"date":"2023-11-09T15:08:05","date_gmt":"2023-11-09T14:08:05","guid":{"rendered":"https:\/\/karriero.hu\/?p=669"},"modified":"2023-11-09T15:10:54","modified_gmt":"2023-11-09T14:10:54","slug":"allasborze-2023-oktober-20-an-a-gyulavari-oktatasi-kozpontban","status":"publish","type":"post","link":"https:\/\/karriero.hu\/ro\/allasborze-2023-oktober-20-an-a-gyulavari-oktatasi-kozpontban\/","title":{"rendered":"\u00c1ll\u00e1sb\u00f6rze 2023. okt\u00f3ber 20-\u00e1n a Gyulav\u00e1ri Oktat\u00e1si k\u00f6zpontban!"},"content":{"rendered":"<p class=\"has-large-font-size\"><strong>TAL\u00c1LJA MEG AZ IDE\u00c1LIS \u00c1LL\u00c1ST A R\u00c9GI\u00d3BAN!<\/strong><\/p>\n\n\n\n<p><\/p>\n\n\n\n<p class=\"has-medium-font-size\"><strong>TAL\u00c1LKOZZON A T\u00c9RS\u00c9G KIEMELKED\u0150 MUNK\u00c1LTAT\u00d3IVAL!<\/strong><\/p>\n\n\n\n<p>\u00c1ll\u00e1slehet\u0151s\u00e9gek ismertet\u00e9se, inform\u00e1ci\u00f3csere a munkav\u00e1llal\u00f3k \u00e9s a munk\u00e1ltat\u00f3k k\u00f6z\u00f6tt.<\/p>\n\n\n\n<p class=\"has-large-font-size\">Id\u0151pont: <strong>2023. november 20. h\u00e9tf\u0151<\/strong>   <strong>15.00\u201318.00<\/strong><\/p>\n\n\n\n<p class=\"has-large-font-size\">Helysz\u00edn: <strong>Gyulav\u00e1ri Oktat\u00e1si K\u00f6zpont<\/strong><\/p>\n\n\n\n<p>(Gyulav\u00e1ri Kast\u00e9lypark m\u00f6g\u00f6tt a Sportp\u00e1lya bej\u00e1rata fel\u0151l)<\/p>\n\n\n\n<figure class=\"wp-block-image size-full\"><img loading=\"lazy\" decoding=\"async\" width=\"215\" height=\"65\" src=\"https:\/\/karriero.hu\/wp-content\/uploads\/2023\/11\/Karriero_logo.png\" alt=\"\" class=\"wp-image-670\" srcset=\"https:\/\/karriero.hu\/wp-content\/uploads\/2023\/11\/Karriero_logo.png 215w, https:\/\/karriero.hu\/wp-content\/uploads\/2023\/11\/Karriero_logo-18x5.png 18w\" sizes=\"auto, (max-width: 215px) 100vw, 215px\" \/><\/figure>\n\n\n\n<p class=\"has-medium-font-size\"><strong>\u00c1ll\u00e1st keres vagy munkahelyet v\u00e1ltoztatna?<\/strong><\/p>\n\n\n\n<p class=\"has-medium-font-size\"><strong>Regisztr\u00e1ljon az ingyenes &nbsp;<\/strong><a href=\"http:\/\/www.karriero.hu\"><strong>www.karriero.hu<\/strong><\/a><strong> <\/strong><strong>oldalon!&nbsp; <\/strong><strong><\/strong><\/p>\n\n\n\n<p class=\"has-medium-font-size\"><strong>B\u0151vebb felvil\u00e1gos\u00edt\u00e1s: munka@karriero.hu<\/strong><\/p>","protected":false},"excerpt":{"rendered":"<p>TAL\u00c1LJA MEG AZ IDE\u00c1LIS \u00c1LL\u00c1ST A R\u00c9GI\u00d3BAN! TAL\u00c1LKOZZON A T\u00c9RS\u00c9G KIEMELKED\u0150 MUNK\u00c1LTAT\u00d3IVAL! \u00c1ll\u00e1slehet\u0151s\u00e9gek ismertet\u00e9se, inform\u00e1ci\u00f3csere a munkav\u00e1llal\u00f3k \u00e9s a munk\u00e1ltat\u00f3k k\u00f6z\u00f6tt. Id\u0151pont: 2023. november 20.&hellip;<\/p>","protected":false},"author":4,"featured_media":0,"comment_status":"closed","ping_status":"closed","sticky":false,"template":"","format":"standard","meta":{"ngg_post_thumbnail":0,"footnotes":""},"categories":[361],"tags":[],"class_list":["post-669","post","type-post","status-publish","format-standard","hentry","category-hirek"],"a3_pvc":{"activated":false,"total_views":29,"today_views":0},"_links":{"self":[{"href":"https:\/\/karriero.hu\/ro\/wp-json\/wp\/v2\/posts\/669","targetHints":{"allow":["GET"]}}],"collection":[{"href":"https:\/\/karriero.hu\/ro\/wp-json\/wp\/v2\/posts"}],"about":[{"href":"https:\/\/karriero.hu\/ro\/wp-json\/wp\/v2\/types\/post"}],"author":[{"embeddable":true,"href":"https:\/\/karriero.hu\/ro\/wp-json\/wp\/v2\/users\/4"}],"replies":[{"embeddable":true,"href":"https:\/\/karriero.hu\/ro\/wp-json\/wp\/v2\/comments?post=669"}],"version-history":[{"count":2,"href":"https:\/\/karriero.hu\/ro\/wp-json\/wp\/v2\/posts\/669\/revisions"}],"predecessor-version":[{"id":672,"href":"https:\/\/karriero.hu\/ro\/wp-json\/wp\/v2\/posts\/669\/revisions\/672"}],"wp:attachment":[{"href":"https:\/\/karriero.hu\/ro\/wp-json\/wp\/v2\/media?parent=669"}],"wp:term":[{"taxonomy":"category","embeddable":true,"href":"https:\/\/karriero.hu\/ro\/wp-json\/wp\/v2\/categories?post=669"},{"taxonomy":"post_tag","embeddable":true,"href":"https:\/\/karriero.hu\/ro\/wp-json\/wp\/v2\/tags?post=669"}],"curies":[{"name":"wp","href":"https:\/\/api.w.org\/{rel}","templated":true}]}}